{"id":323,"date":"2023-02-16T15:46:01","date_gmt":"2023-02-16T15:46:01","guid":{"rendered":"http:\/\/www.ipa-wiesensteig.de\/?p=323"},"modified":"2023-03-26T14:02:11","modified_gmt":"2023-03-26T14:02:11","slug":"die-geschichte-der-ipa-wiesensteig","status":"publish","type":"post","link":"https:\/\/ipa-wiesensteig.de\/?p=323","title":{"rendered":"Die Geschichte der IPA Wiesensteig"},"content":{"rendered":"\n<h3 class=\"has-text-align-left wp-block-heading\"><img loading=\"lazy\" decoding=\"async\" width=\"120\" height=\"120\" class=\"wp-image-241\" style=\"width: 120px;\" src=\"https:\/\/ipa-wiesensteig.de\/wp-content\/uploads\/2022\/03\/cropped-ipa_logo_wstg.jpg\" alt=\"\">Die Idee<\/h3>\n\n\n\n<p>Den Gedanken, freundschaftliche und kollegiale, internationale Verbindungen von Polizeibesch\u00e4ftigten zu schaffen, gab es schon vor dem ersten Weltkrieg. Doch erst nach dem zweiten Weltktrieg waren es die Kontakte des englischen Polizeisergeants Arthur Troop, mit dessen Briefwechseln mit Kollegen aus Skandinavien und Afrika der berufliche Erfahrungsaustausch begann.<\/p>\n\n\n\n<p>Seine Idee unter dem Motto \u201eServo per Amikeco\u201c &#8211; Dienen durch Freundschaft &#8211; fand sehr schnell viele Freunde, auch im Aufbruchdeutschland. Unter starker Mithilfe von engagierten und mit Fremdsprachen gesegneten M\u00e4nnern aus dem S\u00fcdwesten &#8211; als Beispiel darf hier der Ehrenvorsitzende der IPA-Landesgruppe Baden-W\u00fcrttemberg, Heinz Schelling, angef\u00fchrt werden &#8211; wurde bald mit der Genehmigung der Internationalen Sektion auch die Deutsche Sektion und die Landesgruppe Baden-W\u00fcrttemberg gegr\u00fcndet.<\/p>\n\n\n\n<h3 class=\"wp-block-heading\">Gr\u00fcndung der Verbindungsstelle<\/h3>\n\n\n\n<p>Nicht lange nach diesen Ereignissen wurde das neue Geb\u00e4ude der Autobahnpolizei in M\u00fchlhausen gebaut und die Dienstgesch\u00e4fte im Jahre 1959 unter der Leitung vom Verkehrskommissariat (VK) in Stuttgart aufgenommen. Der junge Polizeihauptwachtmeister Raimund Maschka war von der Idee der IPA begeistert und dann auch die treibende Kraft, eine eigene Verbindungsstelle zu gr\u00fcnden. Die Mutterdienststelle in Stuttgart war fern und hatte zu dieser Zeit noch keine eigene Verbindungsstelle. G\u00f6ppingen lag &#8222;\u00fcber dem Berg&#8220; im mittleren Filstal und zu dieser Zeit auch weit weg, denn Motorrad und Auto waren schlicht ein Luxus. <br>Ende des Jahres 1960 war es so weit. Raimund Maschka und weitere achtzehn Mitstreiter gr\u00fcndeten provisorisch die Verbindungsstelle Wiesensteig und mit Datum vom 01.01.1961 wurde die Gr\u00fcndung offiziell von der Landesgruppe Baden-W\u00fcrttemberg best\u00e4tigt. Das Stammlokal der Polizeibeamten zur damaligen Zeit war das \u201eSchl\u00f6ssle\u201c in Wiesensteig. Der kleine Ort M\u00fchlhausen war weitgehendst unbekannt und so kam es, dass die neu zu gr\u00fcndende Verbindungsstelle den Namen von Wiesensteig erhielt. Au\u00dferdem war die Unterst\u00fctzung der Stadt Wiesensteig von B\u00fcrgermeister Mayr zugesagt. Am 01. August 1961 wurde der hiesigen Verbindungsstelle mit Beschluss des Landesvorstandes ein \u201eeinmaliges, nicht zur\u00fcckzahlbares Aufbaukapital\u201c von 60,\u2013 DM zur Verf\u00fcgung gestellt. Der Wiesensteiger B\u00fcrgermeister Mayr \u00fcbernahm die Schirmherrschaft.<\/p>\n\n\n\n<h3 class=\"wp-block-heading\">Der Aufbau<\/h3>\n\n\n\n<p>Nach dem inneren Aufbau der Verbindungsstelle im ersten Jahr wurden nicht nur internationale Kontakte nach England, Belgien und \u00d6sterreich gekn\u00fcpft, sondern auch aktiv an den Neugr\u00fcndungen anderer Verbindungsstellen mitgeholfen. Leider sind aus dieser Zeit nicht viel Dokumente erhalten geblieben. Bereits im ersten Jahr wurde nicht nur das Sommerfest sondern auch eine Kleidersammlung f\u00fcr hilfsbed\u00fcrftige Familien in Syracusa, einem kleinen Ort in Sizilien, organisiert. An Sternfahrten und AutoRallys nach Belgien, Holland, Italien und \u00d6sterreich haben die gl\u00fccklichen Autobesitzer teilgenommen und so wertvolle Kontakte gekn\u00fcpft.<\/p>\n\n\n\n<p>Der endg\u00fcltige Durchbruch gelang Raimund Maschka mit einem Artikel im Mittelungsblatt der Deutschen Sektion, in dem er sich beschwerte, dass haupts\u00e4chlich \u00fcber ausl\u00e4ndische Sektionen und Verbindungsstellen berichtet w\u00fcrde. Seinem Brief h\u00e4ngte er sogleich noch eine ausf\u00fchrliche Vorstellung der Stadt Wiesensteig und dem \u201eGoi\u00dfat\u00e4le\u201c, wie das Obere Filstal genannt wird, an. Reaktionen kamen, nachdem er die englische Sektion auch direkt angeschrieben hatte, haupts\u00e4chlich aus diesem Land, aber auch aus Kanada und Schweden. Interessierte IPA Freunde von der Insel besuchten Wiesensteig in den folgenden Jahren mehrmals. Gegenbesuche in London waren die Folge, der Internationale Kongress in Blackpool wurde besucht und eine gegenseitige \u201ePatenschaft\u201c mit einer Londoner Verkehrseinheit angestrebt, die dann leider nicht zustande kam.<\/p>\n\n\n\n<p>Die Verbindungsstelle wuchs, bald waren rund 75% der Beamten der Autobahnpolizei in M\u00fchlhausen zahlende Mitglieder und im \u201eSchl\u00f6ssle\u201c wurde der Verbindungsstelle ein Privatzimmer als G\u00e4stezimmer f\u00fcr die IPA-G\u00e4ste zur Verf\u00fcgung gestellt.<\/p>\n\n\n\n<h3 class=\"wp-block-heading\">Die Aktivit\u00e4ten<\/h3>\n\n\n\n<p>Den Mitgliedern wurden nicht nur gesellige Feste sondern auch Fortbildungsveranstaltungen geboten. Farbig fotografieren \u2013 Farbdias gestalten, Betriebsbesichtigungen, Lichtbildervortr\u00e4ge, Englischkurse.<br>Faschingsb\u00e4lle erfreuten sich in dieser Zeit gro\u00dfer Beliebtheit. Konnte man sich doch hinter einer \u201eMaske\u201c verstecken und so den Chef und den Kollegenkreis auf die \u201eSchippe\u201c nehmen. Es war also einiges los in der Anfangszeit.<\/p>\n\n\n\n<p>Nach ein paar Jahren der Stabilisierung ebbten die Kontakte ins Ausland ab. Die internen Aktivit\u00e4ten blieben jedoch zum Wohle der Mitglieder unver\u00e4ndert, auch konnten immer wieder Besuche aus dem In- und Ausland empfangen werden. Ende der 1980 Jahre kam wieder ein Aufschwung. Die Freundschaften zu den benachbarten Verbindungsstellen wurden aufgefrischt und intensiviert, ein gegenseitiger Austausch der INFO-Bl\u00e4tter wurde beschlossen. Rege Kontakte ins benachbarte Ausland wurden gekn\u00fcpft, besonders mit Frankreich, Luxemburg, Zillertal in Tirol und mit der Verbindungsstelle Bozen.<\/p>\n\n\n\n<p>J\u00e4hrlich wurden und werden eigene Veranstaltungen angeboten, vom Familienfest im Sommer \u00fcber Radfahren, Wandern, Schi- und Motorradfahren bis hin zum vorweihnachtlichen Preisbinokel. Die Schiausfahrten wurden zwanzig Jahre beibehalten, Preisbinokel und die Motorradausfahrt gibt es heute noch.<\/p>\n\n\n\n<h3 class=\"wp-block-heading\">Reisen<\/h3>\n\n\n\n<p>F\u00fcr gr\u00f6\u00dfere eigene Reiseveranstaltungen war und f\u00fchlte sich unsere Verbindungsstelle immer als zu klein. Einzelne Mitglieder unternahmen Einzelreisen zu den IPA Veranstaltungen die bis nach Israel f\u00fchrten. Anfangs der 1990 Jahren schlossen wir uns bei den Reisen unserer Nachbarverbindungsstelle T\u00fcbingen\/Reutlingen an. 2004 und 2006 besuchten dann kleine Gruppen von uns die IPA von Irland in den St\u00e4dten Killarney und Dublin.<\/p>\n\n\n\n<h3 class=\"wp-block-heading\">Sportlich\u2026.<\/h3>\n\n\n\n<p>\u2026.versuchten wir es mit einer Fu\u00dfballmannschaft bei einem Turnier in Erding. Mit m\u00e4\u00dfigem Erfolg.<br>Besser schnitten wir im Kegeln ab. Zeitweise nahmen wir mit 4 Mannschaften 20 Jahre lang am j\u00e4hrlichen Kegelturnier unser Nachbarverbindungsstelle in G\u00f6ppingen teil und errangen auch erste Pl\u00e4tze.<\/p>\n\n\n\n<p>Am erfolgreichsten wurde unsere Verbindungsstelle in vielen Jahren von unseren Mitgliedern Helmut Hipp, Richard Ziller und Ede Geiger beim Schifahren vertreten. Diese drei lie\u00dfen es sich \u00fcber Jahre hinweg nicht nehmen, an den Internationalen Schneewochen in K\u00e4rnten, der Steiermark und in S\u00fcdtirol teilzunehmen. Regelm\u00e4\u00dfig waren sie eine der erfolgreichsten Teilnehmer mit vielen Pokalen im Koffer auf den Heimreisen.<\/p>\n\n\n\n<p><\/p>\n\n\n\n<h3 class=\"wp-block-heading\">Traditionsveranstaltungen<\/h3>\n\n\n\n<p><strong>Die Schiausfahrten<\/strong><\/p>\n\n\n\n<p>Alle Ausfahrten wurden von Albert Kast organisiert. Kaum eine Veranstaltung wurde besser besucht als die Schiausfahrten. Die erste Ausfahrt am 08.03.1987 f\u00fchrte uns nach Ofterschwang. Die eint\u00e4gigen Ausfahrten f\u00fchrten aber bald zu nachlassenden Teilnehmerzahlen und so wurden die Ausfahrten auf zwei und alsbald auf drei Tage ausgedehnt. Die Ausfahrten wurden jetzt zusammen mit der Vbst T\u00fcbingen\/Reutlingen durchgef\u00fchrt und der Busfahrer hie\u00df immer Hans Bayer. Zeitweise nahmen bis zu 60 Personen an einer Ausfahrt teil.<\/p>\n\n\n\n<p>Die Zillert\u00e4ler IPA-Freunde Josef Moser in Uderns und Hans Fiechtl in Stumm organisierten vor Ort erlebnisreiche Tage. Sp\u00e4ter f\u00fchrten uns die Reisen mit Hilfe der Bozener Freunde nach S\u00fcdtirol, Mals am Reschenpass und auf der anderen Seite von Sterzing bis zum Kronplatz.<\/p>\n\n\n\n<p><strong>Weihnachstpreisbinokel<\/strong><\/p>\n\n\n\n<p>Der Binokel ist im Schwabenland ein beliebtes Gesellschaftsspiel. Der erste Weihnachtspreisbinokel wurde am 16.12.1987 ausgespielt. Auf die Gewinner warten immer attraktive und vor allem weihnachtliche Preise, vom Weihnachtsbaum \u00fcber Christstollen, Vogelh\u00e4uschen bis zur Schneeschippe.<\/p>\n\n\n\n<p><strong>Die Motorradausfahrten<\/strong><\/p>\n\n\n\n<p>Der H\u00f6hepunkt im Jahre 2010 war die Motorradausfahrt, fand auch sie zum zwanzigsten Male statt. Die Ausfahrt f\u00fchrte uns nach Osttirol und das bereits zum f\u00fcnften Mal. Mit den Osttiroler IPA Freunden der Verbindungsstelle Lienz entwickelte sich mit der Zeit ein freundschaftliches und inniges Verh\u00e4ltnis, so dass der Wunsch aller Teilnehmer bestand, die Jubil\u00e4umsfahrt dorthin zu machen. Die Veranstaltung \u201e Motorradausfahrt\u201c entwickelte sich von Anfang an gut. Der Ideengeber Ulrich Decker war von Anfang bis heute Organisator und Leiter der Ausfahrten, gut unterst\u00fctzt in den letzten Jahren von unserem Beisitzer Roland Jansen. Zun\u00e4chst gingen die Eintagesfahrten bis an den Bodensee. Mit zwei Tagen Ausfahrt wurden die Grenzen ins benachbarte Ausland wie Frankreich und \u00d6sterreich \u00fcberschritten und dann wurde in \u00d6sterreich, dem Bregenzerwald, in Schreiner\u2019s H\u00fctte auch Quartier genommen. Die Ziele der Biker waren immer die selben \u2013 m\u00f6glichst viele Berge. Ausrei\u00dfer gab es auch. Das waren die Fahrten nach der Wiedervereinigung ins \u00f6stliche Deutschland, insbesondere nach Sachsen. Die Fahrten wurden nun auf vier Tage ausgedehnt, die Quartiere waren in der Schweiz und in Osttirol. Begleitet wurden die Motorradfahrer meistens von einem Versorgungsteam. Die Kosten konnten deshalb f\u00fcr die Teilnehmer niedrig und nicht zuletzt deshalb das Interesse an der Ausfahrt hoch gehalten werden.<\/p>\n\n\n\n<p><strong>Das Lamm-Essen\u2026<\/strong><\/p>\n\n\n\n<p>\u2026ist auch das Jahresessen der Verbindungsstelle und fand erstmals im Jahre 1992 statt. Es kann durchaus als der gesellschaftliche, aber auch als der kulinarische H\u00f6hepunkt jedes Jahres eingestuft werden. Seit mehr als 10 Jahren wird das Lamm-Essen im Gasthaus \u201eSonne\u201c in Hohenstadt serviert und findet immer mehr Anh\u00e4nger. Das Lamm-Essen bietet auch einen w\u00fcrdevollen Rahmen auch f\u00fcr die Ehrungen verdienter Mitglieder.<\/p>\n\n\n\n<h3 class=\"wp-block-heading\">Die Jubil\u00e4en<\/h3>\n\n\n\n<p>Das <strong>20-j\u00e4hrige Jubil\u00e4um<\/strong> wurde mehr intern aber lustig innerhalb einer Faschingsveranstaltung am 22.02.1981 im Restaurant \u201eFilsursprung\u201c in Wiesensteig gefeiert. Zu dieser Zeit geh\u00f6rten der Landesgruppe Baden-W\u00fcrttemberg 27 Verbindungsstellen mit ca. 4 300 Mitgliedern an. Davon entfielen auf die Verbindungsstelle Wiesensteig rund 62 Mitglieder.<\/p>\n\n\n\n<p>Das <strong>25-j\u00e4hrige Jubil\u00e4um<\/strong> mit Verbindungsstellenleiter Roland Renz stand an und wurde geb\u00fchrend gefeiert. Die erste Gro\u00dfveranstaltung der Verbindungsstelle. Unter der Regie von Sekret\u00e4r \u201eBlacky\u201c Schwarz wurde ein viert\u00e4giges Programm vom 22.-25.05. 1986 mit vielen Attraktionen zusammengestellt. Die B\u00e4renh\u00f6hle und Schloss Lichtenstein wurden besucht, die franz\u00f6sische Milit\u00e4rkapelle des 10. Infanteriereg. spielte auf, Hei\u00dfluftballone stiegen am Reu\u00dfenstein zum Himmel und die Kradstaffel der Autobahnpolizei Nordw\u00fcrttemberg zeigte ihre fahrerischen K\u00fcnste. Am Festabend in der Autalhalle in Bad \u00dcberkingen nahmen Teilnehmer aus 10 Nationen teil, gro\u00dfartig unterhalten durch die Stadtkapelle Wiesensteig. Die Kr\u00f6nung des Abends war eine grosse Tombola.<\/p>\n\n\n\n<p>Das <strong>30-j\u00e4hrige Jubil\u00e4um<\/strong> mit Verbindungsstellenleiter Albert Kast wurde in Wiesensteig vom 27. \u2013 29. September 1991 drei Tage lang gefeiert. Das neu renovierte Schloss stand jetzt mit seinem pr\u00e4chtigen Residenzsaal zur Verf\u00fcgung. Das mittelalterliche St\u00e4dtchen selbst, seine Kirche und die \u00f6rtlichen Betriebe waren f\u00fcr unsere G\u00e4ste ebenso ein Erlebnis wie das Obere Filstal mit dem Kloster AVE MARIA in Deggingen, den Hausener Felsen und die Stadt Geislingen. Eine Planwagenfahrt f\u00fchrte uns auf den L\u00e4mmerbuckel zur geschichtstr\u00e4chtigen Ausbildungsst\u00e4tte von Daimler Benz. Auch die landschaftlichen Sehensw\u00fcrdigkeiten kamen nicht zu kurz, wir waren am Filsursprung und auf dem Reu\u00dfenstein. Der H\u00f6hepunkt war der Galaabend im gro\u00dfen Residenzsaal vom Schloss in Wiesensteig. Mehr als zweihundert G\u00e4ste erlebten einen attraktiven und gem\u00fctlichen Abend in einer ganz besonderen Atmosph\u00e4re.<\/p>\n\n\n\n<p>Die Feier zum <strong>40-j\u00e4hrigen Jubil\u00e4um<\/strong> unter Leitung von Edgar Kummer wurde wegen dem Vorstandswechsel 2001 auf ein Jahr sp\u00e4ter verschoben und fand dann am 09. M\u00e4rz 2002, wiederum im Schloss in Wiesensteig, statt. Mit der eint\u00e4gigen Veranstaltung , einem Festabend im Residenzsaal, verzichtete die Vorstandschaft bewusst auf ein aufwendiges Programm und stellte die Begegnung der IPA-Freunde im Sinne unseres Leitspruches in den Vordergrund.<\/p>\n\n\n\n<p>Ein gro\u00dfartiges Wochenende feierte die IPA Wiesensteig bei ihrem <strong>50. Jubil\u00e4um<\/strong> vom 27. bis 29. Mai 2011. Gemeinsam mit dem Jubil\u00e4um hatte die Vebindungsstelle die Ehre, den Landesdelegiertentag f\u00fcr Baden-W\u00fcrttemberg ausrichten zu d\u00fcrfen. Der Landesdelegiertentag und der Galaabend fanden im Schloss Wiesensteig statt. Die extra f\u00fcr das Jubil\u00e4um zusammengestellte Internetseite&nbsp;<a rel=\"noreferrer noopener\" href=\"http:\/\/50jahre.ipa-wiesensteig.de\/\" target=\"_blank\">50Jahre.ipa-wiesensteig.de<\/a>&nbsp;ist weiterhin zur Erinnerung an ein gro\u00dfes Fest erreichbar.<\/p>\n\n\n\n<p>Eigentlich w\u00e4re die Feier des <strong>60. Jubil\u00e4ums<\/strong> im Jahr 2021 f\u00e4llig gewesen. Doch die weltweit grasierende Corona-Pandemie vehinderte die Durchf\u00fchrung von gr\u00f6\u00dferen Veranstaltungen. Deshalb wurde die Geburtstagsfeier auf das Jahr 2022 verschoben und als etwas kleinere Veranstaltung zusammen mit dem traditionellen Lamm-Essen geplant.<br>Schlie\u00dflich fand die Feier am 19. November 2022 im B\u00fcrgersaal in Hohenstadt statt. Zum \u00fcblichen Lamm-Essen gab es Ehrungen, ein&nbsp;<a rel=\"noreferrer noopener\" href=\"http:\/\/ipa-wiesensteig.de\/infos\/ipavideo60.mp4\" target=\"_blank\">Video \u00fcber die 60-j\u00e4hrige Geschichte der Verbindungsstelle<\/a>&nbsp;und neben musikalischer Unterhaltung auch eine einst\u00fcndige Zaubershow zur Unterhaltung der G\u00e4ste. Anstelle einer Festschrift wurde eine&nbsp;<a rel=\"noreferrer noopener\" href=\"https:\/\/heyzine.com\/flip-book\/82e619d844.html\" target=\"_blank\">\u201eOnline-Retrospektive\u201c<\/a>&nbsp;\u00fcber das Jubil\u00e4um erstellt, das hier weiterhin abrufbar ist.<\/p>\n\n\n\n<h3 class=\"wp-block-heading\">Die Infos<\/h3>\n\n\n\n<p>Ein einfaches Rundschreiben musste am Anfang gen\u00fcgen. Die Mund zu Mund Propaganda war aber die g\u00e4ngigste Informationsquelle. Die B\u00fcrotechnik war 1962 auf dem Stand von Schreibmaschinen. Selbst Kopien gestalteten sich als unm\u00f6glich! Es gab \u2013 da kann sich der eine oder andere Kollege mit Sicherheit noch zur\u00fcck erinnern \u2013 das gemeine Durchschreibverfahren. Mit dem Informationsblatt 1\/87 vom 09.02.1987 wurden erstmals alle Mitglieder der Verbindungsstelle mit Informationen versorgt und wurden aufgrund der besseren technischen M\u00f6glichkeiten immer besser. Die seit Anfang 2008 in digitaler Form erhaltenen Infos der VbSt. Wiesensteig sind im\u00a0<a href=\"https:\/\/ipa-wiesensteig.de\/#info-archiv\" data-type=\"internal\" data-id=\"#info-archiv\">Info-Archiv<\/a>\u00a0abrufbar.<br><\/p>\n\n\n\n<h3 class=\"wp-block-heading\">Die Entwicklung im Vorstand<\/h3>\n\n\n\n<p>Erster Verbindungsstellenleiter wurde Raimund Maschka (\u2020 05.03.1996) der auch allgemein als Gr\u00fcndungsvater der Verbindungsstelle angesehen wird. Sein Stellvertreter Georg von Quenaudon \u00fcbernahm das Amt zwei Jahre sp\u00e4ter. Walter Mayer f\u00fchrte die Kasse. Bereits 1965 stellten der Verbindungsstellenleiter Georg von Quenaudon und sein Stellvertreter Raimund Maschka aus gesundheitlichen und dienstlichen Gr\u00fcnden ihre \u00c4mter zur Verf\u00fcgung. Oskar Bucher, bereits im Ruhestand, \u00fcbernahm dann \u00fcbergangsweise die Verbindungsstelle.<\/p>\n\n\n\n<p>Sein Sekret\u00e4r Werner G\u00f6ggerle sollte dann die Verbindungsstelle im Jahre 1969 \u00fcbernehmen und bis zum Jahr 1979 erfolgreich weiterf\u00fchren. Als Sekret\u00e4re standen ihm unser Urgestein Kurt Engel und sp\u00e4ter Klaus Schulz, Leiter vom III. Verkehrszug der Autobahnpolizei M\u00fchlhausen, zur Seite. Roland Renz \u00fcbernahm die Vorstandschaft 1979 und leitete die Verbindungsstelle bis 1988.<br>Nachfolger von Roland Renz wurde Albert Kast, der bereits vorher Beisitzer war. Die Sekret\u00e4re hie\u00dfen Harald Steck und Edith Stalf. Die Kasse \u00fcbernahm Johannes K\u00fcchle. Zum neuen Beisitzer wurde Helmut Hipp gew\u00e4hlt. Dieses Team leitete die Verbindungsstelle neun Jahre lang. Verbindungsstellenleiter Kast h\u00e4ngte nochmals drei Jahre dran. 2001 wechselte der Verbindungsstellenvorstand. Edgar Kummer stand als Leiter dem Gremium mit den Sekret\u00e4ren Uwe Schmid und Gerhard L\u00e4ngst sowie dem Schatzmeister Steffen Kuhn vor.<\/p>\n\n\n\n<p>Das Jahr 2009 war kein sonderlich gutes Jahr f\u00fcr die Verbindungsstelle. Die gesamte Vorstandschaft trat bei der Mitgliederversammlung im M\u00e4rz zur\u00fcck. Im Juni \u00fcbernahm Albert Kast wieder die Verbindungsstelle als Leiter. Als Sekret\u00e4re wurden Gerhard L\u00e4ngst und Tanja Laufer, als Schatzmeister Gerhard Maurer und als Beisitzer Roland Jansen und Rainer Oettinger gew\u00e4hlt. Gro\u00dfe Aufgaben mit dem&nbsp;<a rel=\"noreferrer noopener\" href=\"http:\/\/50jahre.ipa-wiesensteig.de\/\" target=\"_blank\">50j\u00e4hrigen Jubil\u00e4um<\/a>&nbsp;und der Organisation des 19. Landesdelegiertentages der Landesgruppe Baden-W\u00fcrttemberg standen an. Eine Aufgabe, die vom Vorstand -allen voran Albert Kast- und vielen Helfern hervorragend gemeistert wurde!<br>Am 30.03.2012 standen die n\u00e4chsten Vorstandswahlen an. Albert Kast \u00fcbergab das Ruder an Gerhard L\u00e4ngst. Sekret\u00e4re wurden Tanja Laufer und Roland Jansen. Drei Jahre sp\u00e4ter, am 20.03.2015, blieb Gerhard L\u00e4ngst im Amt des Verbindungsstellenleiters erhalten. Die Funktion der Sekret\u00e4re \u00fcbernahmen Roland Schmid und Rainer Oettinger.<\/p>\n\n\n\n<p>Bei den turnusgem\u00e4\u00dfen Neuwahlen am 23.03.2018 traten Verbindungsstellenleiter Gerhard L\u00e4ngst und Beisitzer Roland Jansen nicht mehr zur Wahl an. Zum neuen Verbindungsstellenleiter wurde Roland Schmid gew\u00e4hlt. Das Amt des ersten Sekret\u00e4rs \u00fcbernahm Rainer Oettinger und als zweiter Sekret\u00e4r wurde das IPA-Urgestein Albert Kast gew\u00e4hlt. In den \u00c4mtern best\u00e4tigt wurden Gerhard Maurer (Schatzmeister) und Ulrike Kamenz (Beisitzerin).<br>Roland Schmid verstarb pl\u00f6tzlich und v\u00f6llig unerwartet am 09.02.2019 im Alter von nur 59 Jahren. Er wurde am 15.02.2019 unter gro\u00dfer Anteilnahme in M\u00fchlhausen beigesetzt. Satzungsgem\u00e4\u00df \u00fcbernahmen seine Stellvertreter Rainer Oettinger und Albert Kast bis zu den n\u00e4chsten Neuwahlen die Leitung der Verbindungsstelle.<\/p>\n\n\n\n<p>Die Jahre 2020 und 2021 waren durch die Corona-Pandemie gepr\u00e4gt. Viele Veranstaltungen mussten verschoben oder abgesagt werden. Deshalb wurde auch die Mitgliederversammlung 2021 vom Fr\u00fchjahr auf den Herbst verlegt. Bei den satzungsgem\u00e4\u00df anstehenden Neuwahlen wurde der kommissarische Verbindungsstellenleiter Rainer Oettinger durch das Gremium zum Verbindungsstellenleiter gew\u00e4hlt. Lauritz Becher wurde 1. Sekret\u00e4r. Gerhard L\u00e4ngst \u00fcbernahm das Amt des 2. Sekret\u00e4rs. Schatzmeister Gerhard Maurer wurde einstimmig wiedergew\u00e4hlt. Unterst\u00fctzt wurde der Vorstand durch die Beisitzer Frank Schwendemann, J\u00fcrgen Hampel, Monika Unangst und Patrick Zanker. Als Kassenpr\u00fcfer wurde Willi Holl best\u00e4tigt. Neu gew\u00e4hlt wurde J\u00f6rg F\u00f6rster.<\/p>\n\n\n\n<p><\/p>\n\n\n\n<h3 class=\"wp-block-heading\">Die Verbindungsstelle<\/h3>\n\n\n\n<p>Satzungen pr\u00e4gen jeden Verein, so auch unsere Verbindungsstelle. Die Rechtsform des Vereins ist entscheidend und deshalb wurde auf Antrag des Vorstands in der Mitgliederversammlung im M\u00e4rz 2010 beschlossen, die Verbindungsstelle in eine neue Vereinsform zu \u00fcberf\u00fchren. Das e.V. konnte bereits im Monat April nach Best\u00e4tigung des Vereinsregistergerichts in Geislingen an die Verbindungsstelle Wiesensteig angeh\u00e4ngt werden. Die Verbindungsstelle Wiesensteig ist eine der kleinsten Verbindungsstellen der IPA Landesgruppe Baden-W\u00fcrttemberg. Die Zahl der Mitglieder entwickelte sich&nbsp;kontinuierlich, war auf einem H\u00f6chststand von \u00fcber 140 und pendelte sich in den letzten Jahren auf etwa 110 Mitglieder ein. Die Mitglieder gehen l\u00e4ngst nicht mehr alle aus dem Autobahnpolizeirevier in M\u00fchlhausen hervor. Das Polizeirevier in Geislingen mit seinen Dienstzweigen stellt fast die H\u00e4lfte des Kontingents. Deshalb steht auch in der neuen Satzung unter Punkt \u201eEinzugsbereich\u201c Oberes Filstal \u2013 Helfensteiner Land<\/p>\n","protected":false},"excerpt":{"rendered":"<p>Die Idee Den Gedanken, freundschaftliche und kollegiale, internationale Verbindungen von Polizeibesch\u00e4ftigten zu schaffen, gab es schon vor dem ersten Weltkrieg. Doch erst nach dem zweiten Weltktrieg waren es die Kontakte des englischen Polizeisergeants Arthur Troop, mit dessen Briefwechseln mit Kollegen aus Skandinavien und Afrika der berufliche Erfahrungsaustausch begann. Seine Idee unter dem Motto \u201eServo per [&hellip;]<\/p>\n","protected":false},"author":1,"featured_media":0,"comment_status":"closed","ping_status":"closed","sticky":false,"template":"","format":"standard","meta":{"footnotes":""},"categories":[1],"tags":[],"class_list":["post-323","post","type-post","status-publish","format-standard","hentry","category-uncategorized"],"_links":{"self":[{"href":"https:\/\/ipa-wiesensteig.de\/index.php?rest_route=\/wp\/v2\/posts\/323","targetHints":{"allow":["GET"]}}],"collection":[{"href":"https:\/\/ipa-wiesensteig.de\/index.php?rest_route=\/wp\/v2\/posts"}],"about":[{"href":"https:\/\/ipa-wiesensteig.de\/index.php?rest_route=\/wp\/v2\/types\/post"}],"author":[{"embeddable":true,"href":"https:\/\/ipa-wiesensteig.de\/index.php?rest_route=\/wp\/v2\/users\/1"}],"replies":[{"embeddable":true,"href":"https:\/\/ipa-wiesensteig.de\/index.php?rest_route=%2Fwp%2Fv2%2Fcomments&post=323"}],"version-history":[{"count":11,"href":"https:\/\/ipa-wiesensteig.de\/index.php?rest_route=\/wp\/v2\/posts\/323\/revisions"}],"predecessor-version":[{"id":491,"href":"https:\/\/ipa-wiesensteig.de\/index.php?rest_route=\/wp\/v2\/posts\/323\/revisions\/491"}],"wp:attachment":[{"href":"https:\/\/ipa-wiesensteig.de\/index.php?rest_route=%2Fwp%2Fv2%2Fmedia&parent=323"}],"wp:term":[{"taxonomy":"category","embeddable":true,"href":"https:\/\/ipa-wiesensteig.de\/index.php?rest_route=%2Fwp%2Fv2%2Fcategories&post=323"},{"taxonomy":"post_tag","embeddable":true,"href":"https:\/\/ipa-wiesensteig.de\/index.php?rest_route=%2Fwp%2Fv2%2Ftags&post=323"}],"curies":[{"name":"wp","href":"https:\/\/api.w.org\/{rel}","templated":true}]}}